{"id":2257,"date":"2023-06-26T10:30:49","date_gmt":"2023-06-26T10:30:49","guid":{"rendered":"https:\/\/crlivediverse.net\/?p=2257"},"modified":"2023-07-18T17:31:25","modified_gmt":"2023-07-18T17:31:25","slug":"daad-project-leader-conference-higher-education-partnerships-as-a-key-to-sustainable-development","status":"publish","type":"post","link":"https:\/\/www.crlivediverse.uni-osnabrueck.de\/?p=2257","title":{"rendered":"DAAD \u2013 Project Leader Conference \u201cHigher Education Partnerships as a Key to Sustainable Development\u201d"},"content":{"rendered":"\n<p>Global challenges, especially with a view to the future, require greater pooling of resources and interdisciplinary collaboration. In this context, global cooperation in higher education can be an instrument to ensure that knowledge from research and experience is passed on and further developed and that new ideas and innovations are initiated collaboratively. This is where the higher education cooperation projects between German higher education institutions and their partner institutions in the Global South come in.  Funded by the <a href=\"https:\/\/www.daad.de\/en\/\" target=\"_blank\" rel=\"noopener\" title=\"\">DAAD<\/a> with resources from the <a href=\"https:\/\/www.bmz.de\/en\" target=\"_blank\" rel=\"noopener\" title=\"\">German Federal Ministry for Economic Cooperation and Development <\/a>(BMZ), they strengthen institutional capacity building, foster the joint development of study and qualification programs and aim to contribute to the attainment of the <a href=\"https:\/\/sdgs.un.org\/goals\" target=\"_blank\" rel=\"noopener\" title=\"\">Sustainable Development Goals<\/a> (SDGs) of the <a href=\"https:\/\/sdgs.un.org\/2030agenda\" target=\"_blank\" rel=\"noopener\" title=\"\">2030 Agenda<\/a>.<\/p>\n\n\n\n<p>Within this framework, the DAAD \u2013 Project Leader Conference \u201cHigher Education Partnerships as a Key to Sustainable Development\u201d was held in Costa Rica from 24-26 April 2023. At the conference, our project &#8220;Protecting livelihoods and biodiversity in Costa Rica&#8221; was represented by the Vice-President of Research and Transfer from the <a href=\"https:\/\/www.utn.ac.cr\/\" target=\"_blank\" rel=\"noopener\" title=\"\">Universidad T\u00e9cnica Nacional<\/a> Prof. Dr. Liliana Rodr\u00edguez, their technical advisor Jennifer S\u00e1nchez Acosta and Prof. Dr. Susanne Schl\u00fcnder from <a href=\"https:\/\/www.uni-osnabrueck.de\/en\/home\/\" target=\"_blank\" rel=\"noopener\" title=\"\">Osnabr\u00fcck University<\/a>. Initiated by keynotes on &#8220;Universities, Society, and the Green Economy &#8211; The State of Affairs in Latin America&#8221; (Prof. Dr.-Ing. Paola Vega Castillo), among others, the conference offered ample opportunities for the development of strategies for the implementation of the Sustainable Development Goals in the various projects, as well as for networking. <\/p>\n\n\n\n<p>You can download the conference poster of our project here:<\/p>\n\n\n\n<div class=\"wp-block-file\"><a id=\"wp-block-file--media-a5254d38-dbb3-4ca9-99df-768add8b62da\" href=\"https:\/\/crlivediverse.net\/wp-content\/uploads\/2023\/06\/DAAD-CR_ProgramBrochure_ProjectBrief-2_01-1.pdf\">DAAD-CR_ProgramBrochure_ProjectBrief-2_01-1<\/a><a href=\"https:\/\/crlivediverse.net\/wp-content\/uploads\/2023\/06\/DAAD-CR_ProgramBrochure_ProjectBrief-2_01-1.pdf\" class=\"wp-block-file__button wp-element-button\" download aria-describedby=\"wp-block-file--media-a5254d38-dbb3-4ca9-99df-768add8b62da\">Download<\/a><\/div>\n\n\n\n<figure class=\"wp-block-image alignwide size-large\"><img data-recalc-dims=\"1\" loading=\"lazy\" decoding=\"async\" width=\"1024\" height=\"683\" src=\"https:\/\/i0.wp.com\/crlivediverse.net\/wp-content\/uploads\/2023\/06\/abrenes-455-1024x683.jpg?resize=1024%2C683&#038;ssl=1\" alt=\"\" class=\"wp-image-2265\" srcset=\"https:\/\/i0.wp.com\/www.crlivediverse.uni-osnabrueck.de\/wp-content\/uploads\/2023\/06\/abrenes-455.jpg?resize=1024%2C683&amp;ssl=1 1024w, https:\/\/i0.wp.com\/www.crlivediverse.uni-osnabrueck.de\/wp-content\/uploads\/2023\/06\/abrenes-455.jpg?resize=300%2C200&amp;ssl=1 300w, https:\/\/i0.wp.com\/www.crlivediverse.uni-osnabrueck.de\/wp-content\/uploads\/2023\/06\/abrenes-455.jpg?resize=768%2C512&amp;ssl=1 768w, https:\/\/i0.wp.com\/www.crlivediverse.uni-osnabrueck.de\/wp-content\/uploads\/2023\/06\/abrenes-455.jpg?resize=1536%2C1025&amp;ssl=1 1536w, https:\/\/i0.wp.com\/www.crlivediverse.uni-osnabrueck.de\/wp-content\/uploads\/2023\/06\/abrenes-455.jpg?w=2048&amp;ssl=1 2048w\" sizes=\"auto, (max-width: 1000px) 100vw, 1000px\" \/><\/figure>\n","protected":false},"excerpt":{"rendered":"<p>Global challenges, especially with a view to the future, require greater pooling of resources and interdisciplinary collaboration. In this context, global cooperation in higher education can be an instrument to ensure that knowledge from research and experience is passed on and further developed and that new ideas and innovations are initiated collaboratively. This is where [&hellip;]<\/p>\n","protected":false},"author":6,"featured_media":2259,"comment_status":"closed","ping_status":"open","sticky":false,"template":"","format":"standard","meta":{"nf_dc_page":"","om_disable_all_campaigns":false,"_uag_custom_page_level_css":"","site-sidebar-layout":"default","site-content-layout":"","ast-site-content-layout":"default","site-content-style":"default","site-sidebar-style":"default","ast-global-header-display":"","ast-banner-title-visibility":"","ast-main-header-display":"","ast-hfb-above-header-display":"","ast-hfb-below-header-display":"","ast-hfb-mobile-header-display":"","site-post-title":"","ast-breadcrumbs-content":"","ast-featured-img":"","footer-sml-layout":"","ast-disable-related-posts":"","theme-transparent-header-meta":"","adv-header-id-meta":"","stick-header-meta":"","header-above-stick-meta":"","header-main-stick-meta":"","header-below-stick-meta":"","astra-migrate-meta-layouts":"default","ast-page-background-enabled":"default","ast-page-background-meta":{"desktop":{"background-color":"","background-image":"","background-repeat":"repeat","background-position":"center center","background-size":"auto","background-attachment":"scroll","background-type":"","background-media":"","overlay-type":"","overlay-color":"","overlay-opacity":"","overlay-gradient":""},"tablet":{"background-color":"","background-image":"","background-repeat":"repeat","background-position":"center center","background-size":"auto","background-attachment":"scroll","background-type":"","background-media":"","overlay-type":"","overlay-color":"","overlay-opacity":"","overlay-gradient":""},"mobile":{"background-color":"","background-image":"","background-repeat":"repeat","background-position":"center center","background-size":"auto","background-attachment":"scroll","background-type":"","background-media":"","overlay-type":"","overlay-color":"","overlay-opacity":"","overlay-gradient":""}},"ast-content-background-meta":{"desktop":{"background-color":"var(--ast-global-color-5)","background-image":"","background-repeat":"repeat","background-position":"center center","background-size":"auto","background-attachment":"scroll","background-type":"","background-media":"","overlay-type":"","overlay-color":"","overlay-opacity":"","overlay-gradient":""},"tablet":{"background-color":"var(--ast-global-color-5)","background-image":"","background-repeat":"repeat","background-position":"center center","background-size":"auto","background-attachment":"scroll","background-type":"","background-media":"","overlay-type":"","overlay-color":"","overlay-opacity":"","overlay-gradient":""},"mobile":{"background-color":"var(--ast-global-color-5)","background-image":"","background-repeat":"repeat","background-position":"center center","background-size":"auto","background-attachment":"scroll","background-type":"","background-media":"","overlay-type":"","overlay-color":"","overlay-opacity":"","overlay-gradient":""}},"_jetpack_memberships_contains_paid_content":false,"footnotes":""},"categories":[7],"tags":[],"class_list":["post-2257","post","type-post","status-publish","format-standard","has-post-thumbnail","hentry","category-news"],"aioseo_notices":[],"gutentor_comment":0,"jetpack_featured_media_url":"https:\/\/i0.wp.com\/www.crlivediverse.uni-osnabrueck.de\/wp-content\/uploads\/2023\/06\/abrenes-631.jpg?fit=2048%2C1366&ssl=1","uagb_featured_image_src":{"full":["https:\/\/i0.wp.com\/www.crlivediverse.uni-osnabrueck.de\/wp-content\/uploads\/2023\/06\/abrenes-631.jpg?fit=2048%2C1366&ssl=1",2048,1366,false],"thumbnail":["https:\/\/i0.wp.com\/www.crlivediverse.uni-osnabrueck.de\/wp-content\/uploads\/2023\/06\/abrenes-631.jpg?resize=150%2C150&ssl=1",150,150,true],"medium":["https:\/\/i0.wp.com\/www.crlivediverse.uni-osnabrueck.de\/wp-content\/uploads\/2023\/06\/abrenes-631.jpg?fit=300%2C200&ssl=1",300,200,true],"medium_large":["https:\/\/i0.wp.com\/www.crlivediverse.uni-osnabrueck.de\/wp-content\/uploads\/2023\/06\/abrenes-631.jpg?fit=768%2C512&ssl=1",768,512,true],"large":["https:\/\/i0.wp.com\/www.crlivediverse.uni-osnabrueck.de\/wp-content\/uploads\/2023\/06\/abrenes-631.jpg?fit=1024%2C683&ssl=1",1024,683,true],"1536x1536":["https:\/\/i0.wp.com\/www.crlivediverse.uni-osnabrueck.de\/wp-content\/uploads\/2023\/06\/abrenes-631.jpg?fit=1536%2C1025&ssl=1",1536,1025,true],"2048x2048":["https:\/\/i0.wp.com\/www.crlivediverse.uni-osnabrueck.de\/wp-content\/uploads\/2023\/06\/abrenes-631.jpg?fit=2048%2C1366&ssl=1",2048,1366,true]},"uagb_author_info":{"display_name":"Karoline S.","author_link":"https:\/\/www.crlivediverse.uni-osnabrueck.de\/?author=6"},"uagb_comment_info":0,"uagb_excerpt":"Global challenges, especially with a view to the future, require greater pooling of resources and interdisciplinary collaboration. In this context, global cooperation in higher education can be an instrument to ensure that knowledge from research and experience is passed on and further developed and that new ideas and innovations are initiated collaboratively. This is where&hellip;","jetpack_sharing_enabled":true,"_links":{"self":[{"href":"https:\/\/www.crlivediverse.uni-osnabrueck.de\/index.php?rest_route=\/wp\/v2\/posts\/2257","targetHints":{"allow":["GET"]}}],"collection":[{"href":"https:\/\/www.crlivediverse.uni-osnabrueck.de\/index.php?rest_route=\/wp\/v2\/posts"}],"about":[{"href":"https:\/\/www.crlivediverse.uni-osnabrueck.de\/index.php?rest_route=\/wp\/v2\/types\/post"}],"author":[{"embeddable":true,"href":"https:\/\/www.crlivediverse.uni-osnabrueck.de\/index.php?rest_route=\/wp\/v2\/users\/6"}],"replies":[{"embeddable":true,"href":"https:\/\/www.crlivediverse.uni-osnabrueck.de\/index.php?rest_route=%2Fwp%2Fv2%2Fcomments&post=2257"}],"version-history":[{"count":5,"href":"https:\/\/www.crlivediverse.uni-osnabrueck.de\/index.php?rest_route=\/wp\/v2\/posts\/2257\/revisions"}],"predecessor-version":[{"id":2279,"href":"https:\/\/www.crlivediverse.uni-osnabrueck.de\/index.php?rest_route=\/wp\/v2\/posts\/2257\/revisions\/2279"}],"wp:featuredmedia":[{"embeddable":true,"href":"https:\/\/www.crlivediverse.uni-osnabrueck.de\/index.php?rest_route=\/wp\/v2\/media\/2259"}],"wp:attachment":[{"href":"https:\/\/www.crlivediverse.uni-osnabrueck.de\/index.php?rest_route=%2Fwp%2Fv2%2Fmedia&parent=2257"}],"wp:term":[{"taxonomy":"category","embeddable":true,"href":"https:\/\/www.crlivediverse.uni-osnabrueck.de\/index.php?rest_route=%2Fwp%2Fv2%2Fcategories&post=2257"},{"taxonomy":"post_tag","embeddable":true,"href":"https:\/\/www.crlivediverse.uni-osnabrueck.de\/index.php?rest_route=%2Fwp%2Fv2%2Ftags&post=2257"}],"curies":[{"name":"wp","href":"https:\/\/api.w.org\/{rel}","templated":true}]}}